{"id":183,"date":"2014-02-23T16:41:29","date_gmt":"2014-02-23T15:41:29","guid":{"rendered":"http:\/\/absautos.fr\/aixam\/?p=183"},"modified":"2014-02-23T16:41:29","modified_gmt":"2014-02-23T15:41:29","slug":"gamme-vision-un-nouveau-regard-sur-le-sans-permis","status":"publish","type":"post","link":"https:\/\/absautos.fr\/index.php\/2014\/02\/23\/gamme-vision-un-nouveau-regard-sur-le-sans-permis\/","title":{"rendered":"GAMME VISION UN NOUVEAU REGARD SUR LE SANS PERMIS"},"content":{"rendered":"<p>\t\t\t\tABS AUTOS AIXAM MAXEVILLE vous propose la nouvelle GAMME VISION, 3 nouveaux mod\u00e8les pour r\u00e9pondre aux besoins de chacun :<\/p>\n<p>DESIGN COMPACT<\/p>\n<p><a href=\"http:\/\/absautos.fr\/aixam\/wp-content\/uploads\/2014\/02\/Aixam-Vision-2013-City-Premium-34-Avant-Bleu-Ambiance.jpg\"><img loading=\"lazy\" class=\"alignright size-medium wp-image-192\" title=\"Aixam Vision 2013 City Premium 34 Avant Bleu Ambiance\" src=\"http:\/\/absautos.fr\/aixam\/wp-content\/uploads\/2014\/02\/Aixam-Vision-2013-City-Premium-34-Avant-Bleu-Ambiance-300x293.jpg\" alt=\"\" width=\"300\" height=\"293\" \/><\/a><\/p>\n<p>&nbsp;<\/p>\n<p>DESIGN COUPE<\/p>\n<p>&nbsp;<\/p>\n<p><a href=\"http:\/\/absautos.fr\/aixam\/wp-content\/uploads\/2014\/02\/Aixam-Vision-2013-Coupe-GTI-34-Avant-Rouge-Sticker-Ambiance.jpg\"><img loading=\"lazy\" class=\"alignright size-medium wp-image-195\" title=\"Aixam Vision 2013 Coupe GTI 34 Avant Rouge Sticker Ambiance\" src=\"http:\/\/absautos.fr\/aixam\/wp-content\/uploads\/2014\/02\/Aixam-Vision-2013-Coupe-GTI-34-Avant-Rouge-Sticker-Ambiance-300x222.jpg\" alt=\"\" width=\"300\" height=\"222\" \/><\/a><\/p>\n<p>&nbsp;<\/p>\n<p>DESIGN BREAK<\/p>\n<p><a href=\"http:\/\/absautos.fr\/aixam\/wp-content\/uploads\/2014\/02\/Aixam-Vision-2013-Crossover-34-Avant-Blanc-Ambiance.jpg\"><img loading=\"lazy\" class=\"alignright size-medium wp-image-194\" title=\"Aixam Vision 2013 Crossover 34 Avant Blanc Ambiance\" src=\"http:\/\/absautos.fr\/aixam\/wp-content\/uploads\/2014\/02\/Aixam-Vision-2013-Crossover-34-Avant-Blanc-Ambiance-300x216.jpg\" alt=\"\" width=\"300\" height=\"216\" \/><\/a><\/p>\n<p>ABS AUTOS MAXEVILLE, une \u00e9quipe de professionnels \u00e0 votre service.<\/p>\n<p>Un conseil, une question, appelez nous au\u00a0 03 83 22 97 86. Nous sommes l\u00e0 pour vous !\t\t<\/p>\n","protected":false},"excerpt":{"rendered":"<p>ABS AUTOS AIXAM MAXEVILLE vous propose la nouvelle GAMME VISION, 3 nouveaux mod\u00e8les pour r\u00e9pondre aux besoins de chacun : DESIGN COMPACT &nbsp; DESIGN COUPE &nbsp; &nbsp; DESIGN BREAK ABS AUTOS MAXEVILLE, une \u00e9quipe de professionnels \u00e0 votre service. Un &hellip; <a href=\"https:\/\/absautos.fr\/index.php\/2014\/02\/23\/gamme-vision-un-nouveau-regard-sur-le-sans-permis\/\">Continuer la lecture <span class=\"meta-nav\">&rarr;<\/span><\/a> <a href=\"https:\/\/absautos.fr\/index.php\/2014\/02\/23\/gamme-vision-un-nouveau-regard-sur-le-sans-permis\/\">Continuer la lecture <span class=\"meta-nav\">&rarr;<\/span><\/a><\/p>\n","protected":false},"author":2,"featured_media":0,"comment_status":"open","ping_status":"open","sticky":false,"template":"","format":"standard","meta":[],"categories":[5],"tags":[],"_links":{"self":[{"href":"https:\/\/absautos.fr\/index.php\/wp-json\/wp\/v2\/posts\/183"}],"collection":[{"href":"https:\/\/absautos.fr\/index.php\/wp-json\/wp\/v2\/posts"}],"about":[{"href":"https:\/\/absautos.fr\/index.php\/wp-json\/wp\/v2\/types\/post"}],"author":[{"embeddable":true,"href":"https:\/\/absautos.fr\/index.php\/wp-json\/wp\/v2\/users\/2"}],"replies":[{"embeddable":true,"href":"https:\/\/absautos.fr\/index.php\/wp-json\/wp\/v2\/comments?post=183"}],"version-history":[{"count":0,"href":"https:\/\/absautos.fr\/index.php\/wp-json\/wp\/v2\/posts\/183\/revisions"}],"wp:attachment":[{"href":"https:\/\/absautos.fr\/index.php\/wp-json\/wp\/v2\/media?parent=183"}],"wp:term":[{"taxonomy":"category","embeddable":true,"href":"https:\/\/absautos.fr\/index.php\/wp-json\/wp\/v2\/categories?post=183"},{"taxonomy":"post_tag","embeddable":true,"href":"https:\/\/absautos.fr\/index.php\/wp-json\/wp\/v2\/tags?post=183"}],"curies":[{"name":"wp","href":"https:\/\/api.w.org\/{rel}","templated":true}]}}