{"id":223,"date":"2014-06-06T17:04:26","date_gmt":"2014-06-06T15:04:26","guid":{"rendered":"http:\/\/absautos.fr\/aixam\/?p=223"},"modified":"2014-06-06T17:04:26","modified_gmt":"2014-06-06T15:04:26","slug":"en-route-pour-la-foire-expo","status":"publish","type":"post","link":"https:\/\/absautos.fr\/index.php\/2014\/06\/06\/en-route-pour-la-foire-expo\/","title":{"rendered":"EN ROUTE POUR LA FOIRE EXPO !"},"content":{"rendered":"<p>\t\t\t\t<a href=\"http:\/\/absautos.fr\/aixam\/wp-content\/uploads\/2014\/06\/22052014-casalini-+-ligier-xtoo-002.jpg\"><img loading=\"lazy\" class=\"alignright size-large wp-image-224\" title=\"22052014 casalini + ligier xtoo 002\" src=\"http:\/\/absautos.fr\/aixam\/wp-content\/uploads\/2014\/06\/22052014-casalini-+-ligier-xtoo-002-1024x768.jpg\" alt=\"\" width=\"590\" height=\"442\" \/><\/a><\/p>\n<p>venez d\u00e9couvrir toute la nouvelle gamme VISION ainsi que notre utilitaire D-TRUCK \u00e0 la Foire Internationale de Nancy du 6 au 16 juin 2014. Le th\u00e8me pour cette ann\u00e9e est \u00ab\u00a0Les ann\u00e9es Rock\u00a0\u00bb<\/p>\n<p>Nous vous accueillerons avec grand plaisir durant cette p\u00e9riode sur notre stand situ\u00e9 sur la Terrasse 6.<\/p>\n<p>A bient\u00f4t\t\t<\/p>\n","protected":false},"excerpt":{"rendered":"<p>venez d\u00e9couvrir toute la nouvelle gamme VISION ainsi que notre utilitaire D-TRUCK \u00e0 la Foire Internationale de Nancy du 6 au 16 juin 2014. Le th\u00e8me pour cette ann\u00e9e est \u00ab\u00a0Les ann\u00e9es Rock\u00a0\u00bb Nous vous accueillerons avec grand plaisir durant &hellip; <a href=\"https:\/\/absautos.fr\/index.php\/2014\/06\/06\/en-route-pour-la-foire-expo\/\">Continuer la lecture <span class=\"meta-nav\">&rarr;<\/span><\/a> <a href=\"https:\/\/absautos.fr\/index.php\/2014\/06\/06\/en-route-pour-la-foire-expo\/\">Continuer la lecture <span class=\"meta-nav\">&rarr;<\/span><\/a><\/p>\n","protected":false},"author":2,"featured_media":0,"comment_status":"open","ping_status":"open","sticky":false,"template":"","format":"standard","meta":[],"categories":[2,3,5],"tags":[],"_links":{"self":[{"href":"https:\/\/absautos.fr\/index.php\/wp-json\/wp\/v2\/posts\/223"}],"collection":[{"href":"https:\/\/absautos.fr\/index.php\/wp-json\/wp\/v2\/posts"}],"about":[{"href":"https:\/\/absautos.fr\/index.php\/wp-json\/wp\/v2\/types\/post"}],"author":[{"embeddable":true,"href":"https:\/\/absautos.fr\/index.php\/wp-json\/wp\/v2\/users\/2"}],"replies":[{"embeddable":true,"href":"https:\/\/absautos.fr\/index.php\/wp-json\/wp\/v2\/comments?post=223"}],"version-history":[{"count":0,"href":"https:\/\/absautos.fr\/index.php\/wp-json\/wp\/v2\/posts\/223\/revisions"}],"wp:attachment":[{"href":"https:\/\/absautos.fr\/index.php\/wp-json\/wp\/v2\/media?parent=223"}],"wp:term":[{"taxonomy":"category","embeddable":true,"href":"https:\/\/absautos.fr\/index.php\/wp-json\/wp\/v2\/categories?post=223"},{"taxonomy":"post_tag","embeddable":true,"href":"https:\/\/absautos.fr\/index.php\/wp-json\/wp\/v2\/tags?post=223"}],"curies":[{"name":"wp","href":"https:\/\/api.w.org\/{rel}","templated":true}]}}